{"id":2085,"date":"2019-07-24T11:09:53","date_gmt":"2019-07-24T10:09:53","guid":{"rendered":"http:\/\/www.programme-pepites.fr\/?p=2085"},"modified":"2020-11-27T19:06:35","modified_gmt":"2020-11-27T18:06:35","slug":"2-nouvelles-pepites-en-juillet-2019","status":"publish","type":"post","link":"https:\/\/www.programme-pepites.fr\/index.php\/2019\/07\/24\/2-nouvelles-pepites-en-juillet-2019\/","title":{"rendered":"2 Nouvelles P\u00e9pites en juillet 2019"},"content":{"rendered":"<p><strong>Lanc\u00e9 en 2011 \u00e0 l\u2019initiative de la M\u00e9tropole de Lyon et de la CCI Lyon M\u00e9tropole Saint-Etienne Roanne, le programme \u00ab P\u00e9pites \u00bb accompagne chaque ann\u00e9e une dizaine de PME \u00e0 tr\u00e8s fort potentiel. Pour cette nouvelle promotion, le comit\u00e9, compos\u00e9 de chefs d\u2019entreprises et d\u2019experts, a privil\u00e9gi\u00e9 des entreprises qui optent pour des activit\u00e9s novatrices et audacieuses et qui ouvrent d\u2019ores et d\u00e9j\u00e0 leur march\u00e9 \u00e0 l\u2019international\u00a0:<\/strong><\/p>\n<ul>\n<li>CHEZ NESTOR\u00a0: cr\u00e9\u00e9 en 2012, Chez Nestor est une plateforme de coliving \u00e0 destination des nomades urbains.\u00a0Pr\u00e9sent dans 5 villes fran\u00e7aises avec un parc de plus de 1000 lots, Chez Nestor compte poursuivre son d\u00e9veloppement avec le lancement de nouvelles gammes et l\u2019acc\u00e8s au service dans de grandes m\u00e9tropoles\u00a0europ\u00e9ennes. Dans une dynamique de forte croissance, l&#8217;entreprise double chaque ann\u00e9e son chiffre d&#8217;affaires (4,7M\u20ac en 2018), et de nombreux postes sont ouverts pour rejoindre cette \u00e9quipe.<em>\u00a0\u00a0\u00a0 <\/em><\/li>\n<li>TETRO\u00a0: Cr\u00e9\u00e9e en 2010, TETRO est une agence ind\u00e9pendante cr\u00e9ative et innovante qui valorise les marques, les hommes et les territoires en fabriquant des mises en sc\u00e8ne singuli\u00e8res et audacieuses. Elle est dot\u00e9e d\u2019une direction artistique et d\u2019une production int\u00e9gr\u00e9e pour incarner et d\u00e9livrer des imaginaires off et online. L\u2019entreprise se distingue par une double d\u00e9marche agence \/ producteur de spectacles qui lui permet de s\u2019inscrire dans le paysage artistique &amp; culturel \u00e0 l\u2019international avec son p\u00f4le TETRO + A. Le nouveau p\u00f4le TETRO IN SITU int\u00e8gre l\u2019art dans l\u2019architecture de fa\u00e7on p\u00e9renne et sur-mesure. L\u2019entreprise, r\u00e9compens\u00e9e par le prix Les Ecchos des \u00ab\u00a0champions fran\u00e7ais de la croissance\u00a0 2019\u00a0\u00bb ambitionne de poursuivre sa forte croissance et son d\u00e9veloppement \u00e0 l\u2019international.<\/li>\n<\/ul>\n<p>Ces 2 P\u00e9pites nouvellement labellis\u00e9es b\u00e9n\u00e9ficieront d\u2019un accompagnement sur-mesure d\u2019une dur\u00e9e de 2 ans, assur\u00e9 par un r\u00e9f\u00e9rent \u00e9conomique de la M\u00e9tropole, un conseil\u2010r\u00e9f\u00e9rent de la CCI et des consultants experts. <strong>Ce suivi personnalis\u00e9 permet \u00e0 l\u2019entreprise d\u2019aborder tous types de probl\u00e9matiques li\u00e9es \u00e0 sa croissance :<\/strong> approfondissement strat\u00e9gique et organisation, d\u00e9veloppement commercial, marketing, aide au financement (lev\u00e9e de fonds, croissance externe, ing\u00e9nierie financi\u00e8re), d\u00e9veloppement \u00e0 l\u2019international, gestion des ressources humaines et management.<strong>\u00a0<\/strong><\/p>\n<p><strong>Depuis 2011, \u00a077 entreprises du territoire ont \u00e9t\u00e9 labellis\u00e9es. Elles ont r\u00e9alis\u00e9 plus \u00a0de 620 <\/strong><strong>\u00a0<\/strong><strong>millions d\u2019euros de chiffres d\u2019affaires en 2018 et emploient plus de 3.780 collaborateurs.<\/strong><\/p>\n<p style=\"text-align: justify;\">\n<p style=\"text-align: justify;\">\n","protected":false},"excerpt":{"rendered":"<p>Lanc\u00e9 en 2011 \u00e0 l\u2019initiative de la M\u00e9tropole de Lyon et de la CCI Lyon M\u00e9tropole Saint-Etienne Roanne, le programme \u00ab P\u00e9pites \u00bb accompagne chaque ann\u00e9e une dizaine de PME \u00e0 tr\u00e8s fort potentiel. Pour cette nouvelle promotion, le comit\u00e9, compos\u00e9 de chefs d\u2019entreprises et d\u2019experts, a privil\u00e9gi\u00e9 des entreprises qui optent pour des activit\u00e9s [&hellip;]<\/p>\n","protected":false},"author":8,"featured_media":114,"comment_status":"open","ping_status":"open","sticky":false,"template":"","format":"standard","meta":[],"categories":[58,3],"tags":[],"yoast_head":"<!-- This site is optimized with the Yoast SEO plugin v15.4 - https:\/\/yoast.com\/wordpress\/plugins\/seo\/ -->\n<title>2 Nouvelles P\u00e9pites en juillet 2019 - P\u00c9PITES - Entrepreneurs de croissance<\/title>\n<meta name=\"robots\" content=\"index, follow, max-snippet:-1, max-image-preview:large, max-video-preview:-1\" \/>\n<link rel=\"canonical\" href=\"https:\/\/www.programme-pepites.fr\/index.php\/2019\/07\/24\/2-nouvelles-pepites-en-juillet-2019\/\" \/>\n<meta property=\"og:locale\" content=\"fr_FR\" \/>\n<meta property=\"og:type\" content=\"article\" \/>\n<meta property=\"og:title\" content=\"2 Nouvelles P\u00e9pites en juillet 2019 - P\u00c9PITES - Entrepreneurs de croissance\" \/>\n<meta property=\"og:description\" content=\"Lanc\u00e9 en 2011 \u00e0 l\u2019initiative de la M\u00e9tropole de Lyon et de la CCI Lyon M\u00e9tropole Saint-Etienne Roanne, le programme \u00ab P\u00e9pites \u00bb accompagne chaque ann\u00e9e une dizaine de PME \u00e0 tr\u00e8s fort potentiel. Pour cette nouvelle promotion, le comit\u00e9, compos\u00e9 de chefs d\u2019entreprises et d\u2019experts, a privil\u00e9gi\u00e9 des entreprises qui optent pour des activit\u00e9s [&hellip;]\" \/>\n<meta property=\"og:url\" content=\"https:\/\/www.programme-pepites.fr\/index.php\/2019\/07\/24\/2-nouvelles-pepites-en-juillet-2019\/\" \/>\n<meta property=\"og:site_name\" content=\"P\u00c9PITES - Entrepreneurs de croissance\" \/>\n<meta property=\"article:publisher\" content=\"https:\/\/www.facebook.com\/CerclePepites\" \/>\n<meta property=\"article:published_time\" content=\"2019-07-24T10:09:53+00:00\" \/>\n<meta property=\"article:modified_time\" content=\"2020-11-27T18:06:35+00:00\" \/>\n<meta property=\"og:image\" content=\"https:\/\/www.programme-pepites.fr\/wp-content\/uploads\/2016\/06\/visuel-actualite-1-e1473183140150.jpg\" \/>\n\t<meta property=\"og:image:width\" content=\"400\" \/>\n\t<meta property=\"og:image:height\" content=\"300\" \/>\n<meta name=\"twitter:card\" content=\"summary\" \/>\n<meta name=\"twitter:creator\" content=\"@ProgrammePepite\" \/>\n<meta name=\"twitter:site\" content=\"@ProgrammePepite\" \/>\n<meta name=\"twitter:label1\" content=\"\u00c9crit par\">\n\t<meta name=\"twitter:data1\" content=\"Sophie Krikorian\">\n\t<meta name=\"twitter:label2\" content=\"Dur\u00e9e de lecture est.\">\n\t<meta name=\"twitter:data2\" content=\"2 minutes\">\n<script type=\"application\/ld+json\" class=\"yoast-schema-graph\">{\"@context\":\"https:\/\/schema.org\",\"@graph\":[{\"@type\":\"WebSite\",\"@id\":\"https:\/\/www.programme-pepites.fr\/#website\",\"url\":\"https:\/\/www.programme-pepites.fr\/\",\"name\":\"P\\u00c9PITES - Entrepreneurs de croissance\",\"description\":\"Accompagnez votre hyper croissance !\",\"potentialAction\":[{\"@type\":\"SearchAction\",\"target\":\"https:\/\/www.programme-pepites.fr\/?s={search_term_string}\",\"query-input\":\"required name=search_term_string\"}],\"inLanguage\":\"fr-FR\"},{\"@type\":\"ImageObject\",\"@id\":\"https:\/\/www.programme-pepites.fr\/index.php\/2019\/07\/24\/2-nouvelles-pepites-en-juillet-2019\/#primaryimage\",\"inLanguage\":\"fr-FR\",\"url\":\"https:\/\/www.programme-pepites.fr\/wp-content\/uploads\/2016\/06\/visuel-actualite-1-e1473183140150.jpg\",\"width\":400,\"height\":300},{\"@type\":\"WebPage\",\"@id\":\"https:\/\/www.programme-pepites.fr\/index.php\/2019\/07\/24\/2-nouvelles-pepites-en-juillet-2019\/#webpage\",\"url\":\"https:\/\/www.programme-pepites.fr\/index.php\/2019\/07\/24\/2-nouvelles-pepites-en-juillet-2019\/\",\"name\":\"2 Nouvelles P\\u00e9pites en juillet 2019 - P\\u00c9PITES - Entrepreneurs de croissance\",\"isPartOf\":{\"@id\":\"https:\/\/www.programme-pepites.fr\/#website\"},\"primaryImageOfPage\":{\"@id\":\"https:\/\/www.programme-pepites.fr\/index.php\/2019\/07\/24\/2-nouvelles-pepites-en-juillet-2019\/#primaryimage\"},\"datePublished\":\"2019-07-24T10:09:53+00:00\",\"dateModified\":\"2020-11-27T18:06:35+00:00\",\"author\":{\"@id\":\"https:\/\/www.programme-pepites.fr\/#\/schema\/person\/cef0465131b5ee8d354ba54d1fa152ee\"},\"inLanguage\":\"fr-FR\",\"potentialAction\":[{\"@type\":\"ReadAction\",\"target\":[\"https:\/\/www.programme-pepites.fr\/index.php\/2019\/07\/24\/2-nouvelles-pepites-en-juillet-2019\/\"]}]},{\"@type\":\"Person\",\"@id\":\"https:\/\/www.programme-pepites.fr\/#\/schema\/person\/cef0465131b5ee8d354ba54d1fa152ee\",\"name\":\"Sophie Krikorian\"}]}<\/script>\n<!-- \/ Yoast SEO plugin. -->","_links":{"self":[{"href":"https:\/\/www.programme-pepites.fr\/index.php\/wp-json\/wp\/v2\/posts\/2085"}],"collection":[{"href":"https:\/\/www.programme-pepites.fr\/index.php\/wp-json\/wp\/v2\/posts"}],"about":[{"href":"https:\/\/www.programme-pepites.fr\/index.php\/wp-json\/wp\/v2\/types\/post"}],"author":[{"embeddable":true,"href":"https:\/\/www.programme-pepites.fr\/index.php\/wp-json\/wp\/v2\/users\/8"}],"replies":[{"embeddable":true,"href":"https:\/\/www.programme-pepites.fr\/index.php\/wp-json\/wp\/v2\/comments?post=2085"}],"version-history":[{"count":1,"href":"https:\/\/www.programme-pepites.fr\/index.php\/wp-json\/wp\/v2\/posts\/2085\/revisions"}],"predecessor-version":[{"id":2086,"href":"https:\/\/www.programme-pepites.fr\/index.php\/wp-json\/wp\/v2\/posts\/2085\/revisions\/2086"}],"wp:featuredmedia":[{"embeddable":true,"href":"https:\/\/www.programme-pepites.fr\/index.php\/wp-json\/wp\/v2\/media\/114"}],"wp:attachment":[{"href":"https:\/\/www.programme-pepites.fr\/index.php\/wp-json\/wp\/v2\/media?parent=2085"}],"wp:term":[{"taxonomy":"category","embeddable":true,"href":"https:\/\/www.programme-pepites.fr\/index.php\/wp-json\/wp\/v2\/categories?post=2085"},{"taxonomy":"post_tag","embeddable":true,"href":"https:\/\/www.programme-pepites.fr\/index.php\/wp-json\/wp\/v2\/tags?post=2085"}],"curies":[{"name":"wp","href":"https:\/\/api.w.org\/{rel}","templated":true}]}}